{"id":375,"date":"2022-12-27T23:02:40","date_gmt":"2022-12-27T22:02:40","guid":{"rendered":"https:\/\/bls-senat.de\/?p=375"},"modified":"2023-03-11T23:25:54","modified_gmt":"2023-03-11T22:25:54","slug":"ursula-haeussler-tot","status":"publish","type":"post","link":"https:\/\/bls-senat.de\/?p=375","title":{"rendered":"Ursula H\u00e4u\u00dfler tot"},"content":{"rendered":"<p><a href=\"https:\/\/bls-senat.de\/wp-content\/uploads\/2022\/12\/Ursula-Kopf_2012b.jpg\" target=\"_blank\" rel=\"noopener\"><img class=\"alignleft wp-image-171\"src=\"https:\/\/bls-senat.de\/wp-content\/uploads\/2022\/12\/Ursula-Kopf_2012b.jpg\" alt=\"Ursula Haeussler\" width=\"120\" height=\"160\" \/><\/a>Mit 83 Jahren ist am 25. Dez. 2022 Ursula H\u00e4u\u00dfler, ehem. <strong>Staatliche Schulberaterin f\u00fcr Mittelfranken<\/strong>, im N\u00fcrnberger Charleston Pflegeheim am Ludwigstor \u00fcberraschend gestorben.  M\u00f6ge sie, erl\u00f6st vom sehr eingeschr\u00e4nkten Leben im Pflegeheim, in der F\u00fclle der Herrlichkeit Gottes leben, die sie bei ihren Kirchenf\u00fchrungen in St. Sebald immer gerne erw\u00e4hnte.   Die Trauerfeier fand am  4.&nbsp;Januar&nbsp;2023 in der <a href=\"https:\/\/www.nuernberg.de\/internet\/friedhofsverwaltung\/neuetrauerhallewest.html\" rel=\"noopener\" target=\"_blank\">neuen Trauerhalle auf dem N\u00fcrnberger Westfriedhof statt<\/a>.<br \/>\nDie Predigt rankte sich um Ursulas <a href=\"https:\/\/www.die-bibel.de\/bibeln\/online-bibeln\/lesen\/LU17\/PSA.139\/Psalm-139\" rel=\"noopener\" target=\"_blank\">&#8222;Lieblingspsalm&#8220; 139<\/a> &#8222;&#8230; Ich danke dir daf\u00fcr, dass ich wunderbar gemacht bin; wunderbar sind deine Werke; das erkennt meine Seele&#8230;&#8220;.<br \/>\nF\u00fcr den SB-Freundeskreis und den Landesverband <a href=\"https:\/\/www.schulberatung-bls.de\/wir-%C3%BCber-uns\/\" rel=\"noopener\" target=\"_blank\">BLS<\/a> verabschiedete Dr. Franz Knoll in bewegenden Worten das BLS-Gr\u00fcndungsmitglied, unsere liebe Freundin Ursula H\u00e4u\u00dfler.  In ihrem Testament hatte sich Ursula zum Abschluss das Gedicht &#8222;<a href=\"https:\/\/dienstagmeditation.com\/2017\/07\/30\/wanderung-wandlung\/\" rel=\"noopener\" target=\"_blank\">Wanderung, Wandlung<\/a>&#8220; von Marie-Luise Kaschnitz gew\u00fcnscht und auch den Text <a href=\"https:\/\/trauer.nordbayern.de\/MEDIASERVER\/content\/LH50\/obi_new\/2022_12\/ursulaveronika-haeu%C3%9Fler-traueranzeige-e2a12b42-628f-4c88-b976-52e33afaebb5.jpg\" rel=\"noopener\" target=\"_blank\">dieser Traueranzeige<\/a> geschrieben, am 31.Dez.22 in den N\u00fcrnberger Nachrichten erschienen. Unter dem Stichwort &#8222;Br\u00fccke &#8211; Ursula H\u00e4u\u00dfler&#8220; sind Spenden f\u00fcr die <a href=\"https:\/\/www.bruecke-nuernberg.de\/foerdern\" rel=\"noopener\" target=\"_blank\">Begegnungszentrums BR\u00dcCKE-K\u00d6PR\u00dc<\/a> erw\u00fcnscht.<br \/>\nUrsula wurde am 9. M\u00e4rz 2023 im <a href=\"https:\/\/www.friedwald.de\/waldbestattung-schwanberg\" rel=\"noopener\" target=\"_blank\">Friedwald auf dem Schwanberg<\/a> bei Iphofen beerdigt. Details klick auf die Planskizze rechts: <a href=\"https:\/\/bls-senat.de\/wp-content\/uploads\/2022\/12\/Schwanberg-05_323.jpg\" rel=\"noopener\" target=\"_blank\"><img class=\"alignright wp-image-171\"src=\"https:\/\/bls-senat.de\/wp-content\/uploads\/2022\/12\/Schwanberg-05_323-150x150.jpg\" alt=\"\" width=\"100\" height=\"80\" class=\"alignright size-thumbnail wp-image-631\" \/><\/a><br \/>\nAuch f\u00fcr ihre Beerdigung hatte Ursula umsichtig eine Text vorbereitet, <a href=\"https:\/\/lyricstranslate.com\/de\/mascha-kal%C3%A9ko-wo-sich-ber%C3%BChren-raum-und-zeit-lyrics.html\" rel=\"noopener\" target=\"_blank\">hier zum Nachlesen<\/a>: Das Gedicht  &#8222;Wo sich ber\u00fchren Raum und Zeit&#8230;&#8220; von Mascha Kal\u00e9ko<br \/>\n<br \/>\n<a href=\"https:\/\/bls-senat.de\/?page_id=431\" rel=\"noopener\" target=\"_blank\">Mehr Text und Bilder zu Ursulas Vita klick hier.<\/a><\/p>\n","protected":false},"excerpt":{"rendered":"<p>Mit 83 Jahren ist am 25. Dez. 2022 Ursula H\u00e4u\u00dfler, ehem. Staatliche Schulberaterin f\u00fcr Mittelfranken, im N\u00fcrnberger Charleston Pflegeheim am Ludwigstor \u00fcberraschend gestorben. M\u00f6ge sie, erl\u00f6st vom sehr eingeschr\u00e4nkten Leben im Pflegeheim, in der F\u00fclle der Herrlichkeit Gottes leben, die sie bei ihren Kirchenf\u00fchrungen in St. Sebald immer gerne erw\u00e4hnte. Die Trauerfeier fand am 4.&nbsp;Januar&nbsp;2023 [&hellip;]<\/p>\n","protected":false},"author":1,"featured_media":0,"comment_status":"open","ping_status":"open","sticky":false,"template":"","format":"standard","meta":{"footnotes":""},"categories":[3],"tags":[],"class_list":["post-375","post","type-post","status-publish","format-standard","hentry","category-allg"],"_links":{"self":[{"href":"https:\/\/bls-senat.de\/index.php?rest_route=\/wp\/v2\/posts\/375","targetHints":{"allow":["GET"]}}],"collection":[{"href":"https:\/\/bls-senat.de\/index.php?rest_route=\/wp\/v2\/posts"}],"about":[{"href":"https:\/\/bls-senat.de\/index.php?rest_route=\/wp\/v2\/types\/post"}],"author":[{"embeddable":true,"href":"https:\/\/bls-senat.de\/index.php?rest_route=\/wp\/v2\/users\/1"}],"replies":[{"embeddable":true,"href":"https:\/\/bls-senat.de\/index.php?rest_route=%2Fwp%2Fv2%2Fcomments&post=375"}],"version-history":[{"count":42,"href":"https:\/\/bls-senat.de\/index.php?rest_route=\/wp\/v2\/posts\/375\/revisions"}],"predecessor-version":[{"id":641,"href":"https:\/\/bls-senat.de\/index.php?rest_route=\/wp\/v2\/posts\/375\/revisions\/641"}],"wp:attachment":[{"href":"https:\/\/bls-senat.de\/index.php?rest_route=%2Fwp%2Fv2%2Fmedia&parent=375"}],"wp:term":[{"taxonomy":"category","embeddable":true,"href":"https:\/\/bls-senat.de\/index.php?rest_route=%2Fwp%2Fv2%2Fcategories&post=375"},{"taxonomy":"post_tag","embeddable":true,"href":"https:\/\/bls-senat.de\/index.php?rest_route=%2Fwp%2Fv2%2Ftags&post=375"}],"curies":[{"name":"wp","href":"https:\/\/api.w.org\/{rel}","templated":true}]}}